{"id":1,"name":"Lyc\u00e9e Les Bressis","url":"https:\/\/lycee-prive-bressis.fr","description":"","link":"https:\/\/lycee-prive-bressis.fr\/en\/author\/joachim\/","slug":"joachim","avatar_urls":{"24":"https:\/\/secure.gravatar.com\/avatar\/89aa468cfa606d3004ba00b011a562e3ffce44a26af342b27e5452ae61b5fc2d?s=24&d=mm&r=g","48":"https:\/\/secure.gravatar.com\/avatar\/89aa468cfa606d3004ba00b011a562e3ffce44a26af342b27e5452ae61b5fc2d?s=48&d=mm&r=g","96":"https:\/\/secure.gravatar.com\/avatar\/89aa468cfa606d3004ba00b011a562e3ffce44a26af342b27e5452ae61b5fc2d?s=96&d=mm&r=g"},"meta":[],"yoast_head":"<!-- This site is optimized with the Yoast SEO plugin v27.4 - https:\/\/yoast.com\/product\/yoast-seo-wordpress\/ -->\n<title>Lyc\u00e9e Les Bressis, auteur\/autrice sur Lyc\u00e9e des Bressis<\/title>\n<meta name=\"robots\" content=\"index, follow, max-snippet:-1, max-image-preview:large, max-video-preview:-1\" \/>\n<link rel=\"canonical\" href=\"https:\/\/lycee-prive-bressis.fr\/en\/author\/joachim\/\" \/>\n<meta property=\"og:locale\" content=\"en_US\" \/>\n<meta property=\"og:type\" content=\"profile\" \/>\n<meta property=\"og:title\" content=\"Lyc\u00e9e Les Bressis, auteur\/autrice sur Lyc\u00e9e des Bressis\" \/>\n<meta property=\"og:url\" content=\"https:\/\/lycee-prive-bressis.fr\/author\/joachim\/\" \/>\n<meta property=\"og:site_name\" content=\"Lyc\u00e9e des Bressis\" \/>\n<meta property=\"og:image\" content=\"https:\/\/secure.gravatar.com\/avatar\/89aa468cfa606d3004ba00b011a562e3ffce44a26af342b27e5452ae61b5fc2d?s=500&d=mm&r=g\" \/>\n<meta name=\"twitter:card\" content=\"summary_large_image\" \/>\n<script type=\"application\/ld+json\" class=\"yoast-schema-graph\">{\"@context\":\"https:\\\/\\\/schema.org\",\"@graph\":[{\"@type\":\"ProfilePage\",\"@id\":\"https:\\\/\\\/lycee-prive-bressis.fr\\\/author\\\/joachim\\\/\",\"url\":\"https:\\\/\\\/lycee-prive-bressis.fr\\\/author\\\/joachim\\\/\",\"name\":\"Lyc\u00e9e Les Bressis, auteur\\\/autrice sur Lyc\u00e9e des Bressis\",\"isPartOf\":{\"@id\":\"https:\\\/\\\/lycee-prive-bressis.fr\\\/en\\\/#website\"},\"breadcrumb\":{\"@id\":\"https:\\\/\\\/lycee-prive-bressis.fr\\\/author\\\/joachim\\\/#breadcrumb\"},\"inLanguage\":\"en-US\",\"potentialAction\":[{\"@type\":\"ReadAction\",\"target\":[\"https:\\\/\\\/lycee-prive-bressis.fr\\\/author\\\/joachim\\\/\"]}]},{\"@type\":\"BreadcrumbList\",\"@id\":\"https:\\\/\\\/lycee-prive-bressis.fr\\\/author\\\/joachim\\\/#breadcrumb\",\"itemListElement\":[{\"@type\":\"ListItem\",\"position\":1,\"name\":\"Accueil\",\"item\":\"https:\\\/\\\/lycee-prive-bressis.fr\\\/en\\\/\"},{\"@type\":\"ListItem\",\"position\":2,\"name\":\"Archives pour Lyc\u00e9e Les Bressis\"}]},{\"@type\":\"WebSite\",\"@id\":\"https:\\\/\\\/lycee-prive-bressis.fr\\\/en\\\/#website\",\"url\":\"https:\\\/\\\/lycee-prive-bressis.fr\\\/en\\\/\",\"name\":\"Lyc\u00e9e des Bressis\",\"description\":\"Lyc\u00e9e priv\u00e9e catholique d&#039;enseignement\",\"publisher\":{\"@id\":\"https:\\\/\\\/lycee-prive-bressis.fr\\\/en\\\/#organization\"},\"potentialAction\":[{\"@type\":\"SearchAction\",\"target\":{\"@type\":\"EntryPoint\",\"urlTemplate\":\"https:\\\/\\\/lycee-prive-bressis.fr\\\/en\\\/?s={search_term_string}\"},\"query-input\":{\"@type\":\"PropertyValueSpecification\",\"valueRequired\":true,\"valueName\":\"search_term_string\"}}],\"inLanguage\":\"en-US\"},{\"@type\":\"Organization\",\"@id\":\"https:\\\/\\\/lycee-prive-bressis.fr\\\/en\\\/#organization\",\"name\":\"Lyc\u00e9e des Bressis\",\"url\":\"https:\\\/\\\/lycee-prive-bressis.fr\\\/en\\\/\",\"logo\":{\"@type\":\"ImageObject\",\"inLanguage\":\"en-US\",\"@id\":\"https:\\\/\\\/lycee-prive-bressis.fr\\\/en\\\/#\\\/schema\\\/logo\\\/image\\\/\",\"url\":\"https:\\\/\\\/lycee-prive-bressis.fr\\\/wp-content\\\/uploads\\\/2020\\\/11\\\/logo-490x109.png\",\"contentUrl\":\"https:\\\/\\\/lycee-prive-bressis.fr\\\/wp-content\\\/uploads\\\/2020\\\/11\\\/logo-490x109.png\",\"width\":494,\"height\":110,\"caption\":\"Lyc\u00e9e des Bressis\"},\"image\":{\"@id\":\"https:\\\/\\\/lycee-prive-bressis.fr\\\/en\\\/#\\\/schema\\\/logo\\\/image\\\/\"}},{\"@type\":\"Person\",\"@id\":\"https:\\\/\\\/lycee-prive-bressis.fr\\\/en\\\/#\\\/schema\\\/person\\\/b9f0e6748f426a80b0a9868941c39bd2\",\"name\":\"Lyc\u00e9e Les Bressis\",\"image\":{\"@type\":\"ImageObject\",\"inLanguage\":\"en-US\",\"@id\":\"https:\\\/\\\/secure.gravatar.com\\\/avatar\\\/89aa468cfa606d3004ba00b011a562e3ffce44a26af342b27e5452ae61b5fc2d?s=96&d=mm&r=g\",\"url\":\"https:\\\/\\\/secure.gravatar.com\\\/avatar\\\/89aa468cfa606d3004ba00b011a562e3ffce44a26af342b27e5452ae61b5fc2d?s=96&d=mm&r=g\",\"contentUrl\":\"https:\\\/\\\/secure.gravatar.com\\\/avatar\\\/89aa468cfa606d3004ba00b011a562e3ffce44a26af342b27e5452ae61b5fc2d?s=96&d=mm&r=g\",\"caption\":\"Lyc\u00e9e Les Bressis\"},\"sameAs\":[\"https:\\\/\\\/lycee-prive-bressis.fr\"],\"mainEntityOfPage\":{\"@id\":\"https:\\\/\\\/lycee-prive-bressis.fr\\\/author\\\/joachim\\\/\"}}]}<\/script>\n<!-- \/ Yoast SEO plugin. -->","yoast_head_json":{"title":"Lyc\u00e9e Les Bressis, auteur\/autrice sur Lyc\u00e9e des Bressis","robots":{"index":"index","follow":"follow","max-snippet":"max-snippet:-1","max-image-preview":"max-image-preview:large","max-video-preview":"max-video-preview:-1"},"canonical":"https:\/\/lycee-prive-bressis.fr\/en\/author\/joachim\/","og_locale":"en_US","og_type":"profile","og_title":"Lyc\u00e9e Les Bressis, auteur\/autrice sur Lyc\u00e9e des Bressis","og_url":"https:\/\/lycee-prive-bressis.fr\/author\/joachim\/","og_site_name":"Lyc\u00e9e des Bressis","og_image":[{"url":"https:\/\/secure.gravatar.com\/avatar\/89aa468cfa606d3004ba00b011a562e3ffce44a26af342b27e5452ae61b5fc2d?s=500&d=mm&r=g","type":"","width":"","height":""}],"twitter_card":"summary_large_image","schema":{"@context":"https:\/\/schema.org","@graph":[{"@type":"ProfilePage","@id":"https:\/\/lycee-prive-bressis.fr\/author\/joachim\/","url":"https:\/\/lycee-prive-bressis.fr\/author\/joachim\/","name":"Lyc\u00e9e Les Bressis, auteur\/autrice sur Lyc\u00e9e des Bressis","isPartOf":{"@id":"https:\/\/lycee-prive-bressis.fr\/en\/#website"},"breadcrumb":{"@id":"https:\/\/lycee-prive-bressis.fr\/author\/joachim\/#breadcrumb"},"inLanguage":"en-US","potentialAction":[{"@type":"ReadAction","target":["https:\/\/lycee-prive-bressis.fr\/author\/joachim\/"]}]},{"@type":"BreadcrumbList","@id":"https:\/\/lycee-prive-bressis.fr\/author\/joachim\/#breadcrumb","itemListElement":[{"@type":"ListItem","position":1,"name":"Accueil","item":"https:\/\/lycee-prive-bressis.fr\/en\/"},{"@type":"ListItem","position":2,"name":"Archives pour Lyc\u00e9e Les Bressis"}]},{"@type":"WebSite","@id":"https:\/\/lycee-prive-bressis.fr\/en\/#website","url":"https:\/\/lycee-prive-bressis.fr\/en\/","name":"Lyc\u00e9e des Bressis","description":"Lyc\u00e9e priv\u00e9e catholique d&#039;enseignement","publisher":{"@id":"https:\/\/lycee-prive-bressis.fr\/en\/#organization"},"potentialAction":[{"@type":"SearchAction","target":{"@type":"EntryPoint","urlTemplate":"https:\/\/lycee-prive-bressis.fr\/en\/?s={search_term_string}"},"query-input":{"@type":"PropertyValueSpecification","valueRequired":true,"valueName":"search_term_string"}}],"inLanguage":"en-US"},{"@type":"Organization","@id":"https:\/\/lycee-prive-bressis.fr\/en\/#organization","name":"Lyc\u00e9e des Bressis","url":"https:\/\/lycee-prive-bressis.fr\/en\/","logo":{"@type":"ImageObject","inLanguage":"en-US","@id":"https:\/\/lycee-prive-bressis.fr\/en\/#\/schema\/logo\/image\/","url":"https:\/\/lycee-prive-bressis.fr\/wp-content\/uploads\/2020\/11\/logo-490x109.png","contentUrl":"https:\/\/lycee-prive-bressis.fr\/wp-content\/uploads\/2020\/11\/logo-490x109.png","width":494,"height":110,"caption":"Lyc\u00e9e des Bressis"},"image":{"@id":"https:\/\/lycee-prive-bressis.fr\/en\/#\/schema\/logo\/image\/"}},{"@type":"Person","@id":"https:\/\/lycee-prive-bressis.fr\/en\/#\/schema\/person\/b9f0e6748f426a80b0a9868941c39bd2","name":"Lyc\u00e9e Les Bressis","image":{"@type":"ImageObject","inLanguage":"en-US","@id":"https:\/\/secure.gravatar.com\/avatar\/89aa468cfa606d3004ba00b011a562e3ffce44a26af342b27e5452ae61b5fc2d?s=96&d=mm&r=g","url":"https:\/\/secure.gravatar.com\/avatar\/89aa468cfa606d3004ba00b011a562e3ffce44a26af342b27e5452ae61b5fc2d?s=96&d=mm&r=g","contentUrl":"https:\/\/secure.gravatar.com\/avatar\/89aa468cfa606d3004ba00b011a562e3ffce44a26af342b27e5452ae61b5fc2d?s=96&d=mm&r=g","caption":"Lyc\u00e9e Les Bressis"},"sameAs":["https:\/\/lycee-prive-bressis.fr"],"mainEntityOfPage":{"@id":"https:\/\/lycee-prive-bressis.fr\/author\/joachim\/"}}]}},"elementor_introduction":{"rightClick":true,"yoast-introduction":true,"popupSettings":true,"exit_to":true,"ai-get-started-announcement":true,"globals_introduction":true,"e-apps":true,"ai_promotion_introduction_textarea":true,"yoast-introduction-editor-v2":true,"e-editor-one-notice-pointer":true},"_links":{"self":[{"href":"https:\/\/lycee-prive-bressis.fr\/en\/wp-json\/wp\/v2\/users\/1","targetHints":{"allow":["GET"]}}],"collection":[{"href":"https:\/\/lycee-prive-bressis.fr\/en\/wp-json\/wp\/v2\/users"}]}}